{"id":457,"date":"2020-06-18T16:53:00","date_gmt":"2020-06-18T16:53:00","guid":{"rendered":"https:\/\/arch-e-motion.de\/?p=457"},"modified":"2021-04-25T11:10:29","modified_gmt":"2021-04-25T11:10:29","slug":"online-durch-die-krise","status":"publish","type":"post","link":"https:\/\/arch-e-motion.de\/?p=457","title":{"rendered":"Online durch die Krise"},"content":{"rendered":"<p>Auch nach einigen Monaten hat sich an der weltweiten Corona-Krise nichts verbessert und wir alle m\u00fcssen mit den Auswirkungen k\u00e4mpfen.<\/p>\n<p>Nachdem anf\u00e4nglich alle Schulungen weggefallen sind und viele andere Kunden ebenfalls ihrer Arbeit nicht normal nachgehen konnten, mussten meine Partner und ich auch ganz sch\u00f6n mit den Armen rudern.<\/p>\n<p>Gl\u00fccklicherweise ist es im CAD Bereich gut m\u00f6glich viele Dinge rein online zu regeln und so kann ich f\u00fcr uns zumindest sagen, dass sich nach der ersten Skepsis gezeigt hat wie gut Online-Schulungen wirklich funktionieren.<br \/>\nUnsere Kunden nehmen diese M\u00f6glichkeit auch gerne in Anspruch (OK&#8230; man hat ja auch keine Wahl) und geben regelm\u00e4\u00dfig positives Feedback.<\/p>\n<p>Durch diese M\u00f6glichkeit waren die Probleme nicht \u00fcber eine all zu lange Zeit so gro\u00df und wir haben bisher alles gut \u00fcberstanden.<\/p>\n<p>Um etwas Zeit zu \u00fcberbr\u00fccken habe ich mal wieder ein wenig mit Photoshop rumgepinselt und eine neue Fotomontage erstellt.<br \/>\nEs ist nicht perfekt aber f\u00fcr einen &#8222;Schnellschuss&#8220; denke ich ganz gut \ud83d\ude09<br \/>\n<a href=\"https:\/\/arch-e-motion.de\/wp-content\/uploads\/2021\/02\/Elefant01-scaled.jpg\"><img fetchpriority=\"high\" decoding=\"async\" class=\"alignnone wp-image-458 size-large\" src=\"https:\/\/arch-e-motion.de\/wp-content\/uploads\/2021\/02\/Elefant01-1024x673.jpg\" alt=\"\" width=\"900\" height=\"592\" srcset=\"https:\/\/arch-e-motion.de\/wp-content\/uploads\/2021\/02\/Elefant01-1024x673.jpg 1024w, https:\/\/arch-e-motion.de\/wp-content\/uploads\/2021\/02\/Elefant01-300x197.jpg 300w, https:\/\/arch-e-motion.de\/wp-content\/uploads\/2021\/02\/Elefant01-768x505.jpg 768w, https:\/\/arch-e-motion.de\/wp-content\/uploads\/2021\/02\/Elefant01-1536x1009.jpg 1536w, https:\/\/arch-e-motion.de\/wp-content\/uploads\/2021\/02\/Elefant01-2048x1346.jpg 2048w\" sizes=\"(max-width: 900px) 100vw, 900px\" \/><\/a><\/p>\n<p>Ich dr\u00fccke jedem weiterhin die Daumen und die Maustasten und hoffe das wir alle weiterhin, so gut es geht durch diese Situation kommen.<\/p>\n<p>Alles Gute w\u00fcnscht euer arch-e-motion Team<\/p>\n<p>Philipp<\/p>\n","protected":false},"excerpt":{"rendered":"<p>Auch nach einigen Monaten hat sich an der weltweiten Corona-Krise nichts verbessert und wir alle m\u00fcssen mit den Auswirkungen k\u00e4mpfen. Nachdem anf\u00e4nglich alle Schulungen weggefallen sind und viele andere Kunden ebenfalls ihrer Arbeit nicht normal nachgehen konnten, mussten meine Partner und ich auch ganz sch\u00f6n mit den Armen rudern. Gl\u00fccklicherweise ist es im CAD Bereich [&hellip;]<\/p>\n","protected":false},"author":1,"featured_media":0,"comment_status":"open","ping_status":"closed","sticky":false,"template":"","format":"standard","meta":{"_acf_changed":false,"ngg_post_thumbnail":0,"pgc_sgb_lightbox_settings":"","footnotes":""},"categories":[1],"tags":[34,33,21,24,25,22,23],"class_list":["post-457","post","type-post","status-publish","format-standard","hentry","category-allgemein","tag-aem","tag-arch-e-motion","tag-corona","tag-elefant","tag-grafik","tag-krise","tag-photoshop"],"acf":[],"_links":{"self":[{"href":"https:\/\/arch-e-motion.de\/index.php?rest_route=\/wp\/v2\/posts\/457","targetHints":{"allow":["GET"]}}],"collection":[{"href":"https:\/\/arch-e-motion.de\/index.php?rest_route=\/wp\/v2\/posts"}],"about":[{"href":"https:\/\/arch-e-motion.de\/index.php?rest_route=\/wp\/v2\/types\/post"}],"author":[{"embeddable":true,"href":"https:\/\/arch-e-motion.de\/index.php?rest_route=\/wp\/v2\/users\/1"}],"replies":[{"embeddable":true,"href":"https:\/\/arch-e-motion.de\/index.php?rest_route=%2Fwp%2Fv2%2Fcomments&post=457"}],"version-history":[{"count":3,"href":"https:\/\/arch-e-motion.de\/index.php?rest_route=\/wp\/v2\/posts\/457\/revisions"}],"predecessor-version":[{"id":578,"href":"https:\/\/arch-e-motion.de\/index.php?rest_route=\/wp\/v2\/posts\/457\/revisions\/578"}],"wp:attachment":[{"href":"https:\/\/arch-e-motion.de\/index.php?rest_route=%2Fwp%2Fv2%2Fmedia&parent=457"}],"wp:term":[{"taxonomy":"category","embeddable":true,"href":"https:\/\/arch-e-motion.de\/index.php?rest_route=%2Fwp%2Fv2%2Fcategories&post=457"},{"taxonomy":"post_tag","embeddable":true,"href":"https:\/\/arch-e-motion.de\/index.php?rest_route=%2Fwp%2Fv2%2Ftags&post=457"}],"curies":[{"name":"wp","href":"https:\/\/api.w.org\/{rel}","templated":true}]}}