{"id":461,"date":"2020-07-19T11:20:00","date_gmt":"2020-07-19T11:20:00","guid":{"rendered":"https:\/\/arch-e-motion.de\/?p=461"},"modified":"2021-05-07T18:31:34","modified_gmt":"2021-05-07T18:31:34","slug":"aem-tools-for-revit","status":"publish","type":"post","link":"https:\/\/arch-e-motion.de\/?p=461","title":{"rendered":"Programmierung f\u00fcr Revit"},"content":{"rendered":"<p>Hallo zusammen,<br \/>\nes gibt etwas neues aus der Programmierecke.<\/p>\n<p>Alles fing Ende 2019 mit Dynamo f\u00fcr Autodesk Revit an. Nach vielen Jahren mit Revit, habe ich mich endlich an Dynamo getraut und mich intensiv damit, also mit &#8222;visuelle Programmierung&#8220; besch\u00e4ftigt.<\/p>\n<p>Nach einigen kleineren Skripten bin ich schnell an gewisse Grenzen gesto\u00dfen und musste zus\u00e4tzlich noch die Skriptsprache &#8222;Python&#8220; lernen, zumindest so weit das ich damit die Dynamo-F\u00e4higkeiten etwas erweitern konnte.<br \/>\nIch habe mir erfolgreich einige Skripte erstellt, die mir einige Arbeiten in Revit erleichtern oder deutlich verk\u00fcrzen (z.B. eintragen vieler Parameterwerte, Platzierung von Elementen, Positionsnummern etc.).<\/p>\n<p>Das Wiederum hat mich dann auf die Idee gebracht, den einen Schritt weiter zu gehen. Ich wollte mal schauen ob diese Dinge nicht als richtiges PlugIn machbar sind.<\/p>\n<p>Ich habe also angefangen mich mit der Sprache C# und Visual Studio zu befassen und mit einiger Hilfe aus dem Internet die ersten Funktionen in Revit integrieren k\u00f6nnen.<\/p>\n<p><img fetchpriority=\"high\" decoding=\"async\" class=\"alignnone wp-image-462 size-full\" src=\"https:\/\/arch-e-motion.de\/wp-content\/uploads\/2021\/02\/plugin1.jpg\" alt=\"fff\" width=\"898\" height=\"485\" srcset=\"https:\/\/arch-e-motion.de\/wp-content\/uploads\/2021\/02\/plugin1.jpg 898w, https:\/\/arch-e-motion.de\/wp-content\/uploads\/2021\/02\/plugin1-300x162.jpg 300w, https:\/\/arch-e-motion.de\/wp-content\/uploads\/2021\/02\/plugin1-768x415.jpg 768w\" sizes=\"(max-width: 898px) 100vw, 898px\" \/><\/p>\n<p>Ich bin gespannt wie es weitergehen wird&#8230; ihr k\u00f6nnt euch auf jeden Fall auf weitere Infos freuen.<\/p>\n<p>Gr\u00fc\u00dfe<\/p>\n<p>Philipp von arch-e-motion<\/p>\n","protected":false},"excerpt":{"rendered":"<p>Hallo zusammen, es gibt etwas neues aus der Programmierecke. Alles fing Ende 2019 mit Dynamo f\u00fcr Autodesk Revit an. Nach vielen Jahren mit Revit, habe ich mich endlich an Dynamo getraut und mich intensiv damit, also mit &#8222;visuelle Programmierung&#8220; besch\u00e4ftigt. Nach einigen kleineren Skripten bin ich schnell an gewisse Grenzen gesto\u00dfen und musste zus\u00e4tzlich noch [&hellip;]<\/p>\n","protected":false},"author":1,"featured_media":0,"comment_status":"open","ping_status":"closed","sticky":false,"template":"","format":"standard","meta":{"_acf_changed":false,"ngg_post_thumbnail":0,"pgc_sgb_lightbox_settings":"","footnotes":""},"categories":[1,17,14],"tags":[31,18,9,10,26,4],"class_list":["post-461","post","type-post","status-publish","format-standard","hentry","category-allgemein","category-programmieren","category-revit","tag-aemtools","tag-api","tag-dynamo","tag-plugin","tag-programmieren","tag-revit"],"acf":[],"_links":{"self":[{"href":"https:\/\/arch-e-motion.de\/index.php?rest_route=\/wp\/v2\/posts\/461","targetHints":{"allow":["GET"]}}],"collection":[{"href":"https:\/\/arch-e-motion.de\/index.php?rest_route=\/wp\/v2\/posts"}],"about":[{"href":"https:\/\/arch-e-motion.de\/index.php?rest_route=\/wp\/v2\/types\/post"}],"author":[{"embeddable":true,"href":"https:\/\/arch-e-motion.de\/index.php?rest_route=\/wp\/v2\/users\/1"}],"replies":[{"embeddable":true,"href":"https:\/\/arch-e-motion.de\/index.php?rest_route=%2Fwp%2Fv2%2Fcomments&post=461"}],"version-history":[{"count":3,"href":"https:\/\/arch-e-motion.de\/index.php?rest_route=\/wp\/v2\/posts\/461\/revisions"}],"predecessor-version":[{"id":577,"href":"https:\/\/arch-e-motion.de\/index.php?rest_route=\/wp\/v2\/posts\/461\/revisions\/577"}],"wp:attachment":[{"href":"https:\/\/arch-e-motion.de\/index.php?rest_route=%2Fwp%2Fv2%2Fmedia&parent=461"}],"wp:term":[{"taxonomy":"category","embeddable":true,"href":"https:\/\/arch-e-motion.de\/index.php?rest_route=%2Fwp%2Fv2%2Fcategories&post=461"},{"taxonomy":"post_tag","embeddable":true,"href":"https:\/\/arch-e-motion.de\/index.php?rest_route=%2Fwp%2Fv2%2Ftags&post=461"}],"curies":[{"name":"wp","href":"https:\/\/api.w.org\/{rel}","templated":true}]}}