{"id":564,"date":"2020-04-29T03:33:00","date_gmt":"2020-04-29T03:33:00","guid":{"rendered":"https:\/\/arch-e-motion.de\/?p=564"},"modified":"2021-04-25T11:07:42","modified_gmt":"2021-04-25T11:07:42","slug":"welcome-2","status":"publish","type":"post","link":"https:\/\/arch-e-motion.de\/?p=564","title":{"rendered":"Welcome!"},"content":{"rendered":"\n<p>Nach langer Zeit ist es endlich soweit&#8230; arch-e-motion pr\u00e4sentiert sich mal wieder in neuem Gewand.<\/p>\n\n\n\n<p>Ich hoffe die neue Webseite gef\u00e4llt euch. Ich werde auch versuchen etwas regelm\u00e4\u00dfiger Neuigkeiten zu posten und hier und da Bilder, Videos und anderen Content online stellen. <\/p>\n\n\n\n<p>Weitere Infos folgen \ud83d\ude42 <\/p>\n\n\n\n<figure class=\"wp-block-image size-large is-resized\"><a href=\"https:\/\/arch-e-motion.de\/wp-content\/uploads\/2020\/04\/Architekturvisualisierung.jpg\"><img fetchpriority=\"high\" decoding=\"async\" src=\"https:\/\/arch-e-motion.de\/wp-content\/uploads\/2020\/04\/Architekturvisualisierung-1024x614.jpg\" alt=\"\" class=\"wp-image-44\" width=\"573\" height=\"343\" srcset=\"https:\/\/arch-e-motion.de\/wp-content\/uploads\/2020\/04\/Architekturvisualisierung-1024x614.jpg 1024w, https:\/\/arch-e-motion.de\/wp-content\/uploads\/2020\/04\/Architekturvisualisierung-300x180.jpg 300w, https:\/\/arch-e-motion.de\/wp-content\/uploads\/2020\/04\/Architekturvisualisierung-768x461.jpg 768w, https:\/\/arch-e-motion.de\/wp-content\/uploads\/2020\/04\/Architekturvisualisierung.jpg 1200w\" sizes=\"(max-width: 573px) 100vw, 573px\" \/><\/a><\/figure>\n\n\n\n<p>Anbei noch eine kleine Visualisierung die zwar nicht ganz neu ist, jedoch bisher noch nicht ver\u00f6ffentlicht wurde.<\/p>\n\n\n\n<p>Ich w\u00fcnsche euch viel Spa\u00df auf meiner neuen Internetseite<\/p>\n","protected":false},"excerpt":{"rendered":"<p>Nach langer Zeit ist es endlich soweit&#8230; arch-e-motion pr\u00e4sentiert sich mal wieder in neuem Gewand. Ich hoffe die neue Webseite gef\u00e4llt euch. Ich werde auch versuchen etwas regelm\u00e4\u00dfiger Neuigkeiten zu posten und hier und da Bilder, Videos und anderen Content online stellen. Weitere Infos folgen \ud83d\ude42 Anbei noch eine kleine Visualisierung die zwar nicht ganz [&hellip;]<\/p>\n","protected":false},"author":1,"featured_media":0,"comment_status":"open","ping_status":"closed","sticky":false,"template":"","format":"standard","meta":{"_acf_changed":false,"ngg_post_thumbnail":0,"pgc_sgb_lightbox_settings":"","footnotes":""},"categories":[1],"tags":[5,34,33,35,3,4,6,36],"class_list":["post-564","post","type-post","status-publish","format-standard","hentry","category-allgemein","tag-3dsmax","tag-aem","tag-arch-e-motion","tag-architektur","tag-autodesk","tag-revit","tag-visualisierung","tag-webdesign"],"acf":[],"_links":{"self":[{"href":"https:\/\/arch-e-motion.de\/index.php?rest_route=\/wp\/v2\/posts\/564","targetHints":{"allow":["GET"]}}],"collection":[{"href":"https:\/\/arch-e-motion.de\/index.php?rest_route=\/wp\/v2\/posts"}],"about":[{"href":"https:\/\/arch-e-motion.de\/index.php?rest_route=\/wp\/v2\/types\/post"}],"author":[{"embeddable":true,"href":"https:\/\/arch-e-motion.de\/index.php?rest_route=\/wp\/v2\/users\/1"}],"replies":[{"embeddable":true,"href":"https:\/\/arch-e-motion.de\/index.php?rest_route=%2Fwp%2Fv2%2Fcomments&post=564"}],"version-history":[{"count":5,"href":"https:\/\/arch-e-motion.de\/index.php?rest_route=\/wp\/v2\/posts\/564\/revisions"}],"predecessor-version":[{"id":576,"href":"https:\/\/arch-e-motion.de\/index.php?rest_route=\/wp\/v2\/posts\/564\/revisions\/576"}],"wp:attachment":[{"href":"https:\/\/arch-e-motion.de\/index.php?rest_route=%2Fwp%2Fv2%2Fmedia&parent=564"}],"wp:term":[{"taxonomy":"category","embeddable":true,"href":"https:\/\/arch-e-motion.de\/index.php?rest_route=%2Fwp%2Fv2%2Fcategories&post=564"},{"taxonomy":"post_tag","embeddable":true,"href":"https:\/\/arch-e-motion.de\/index.php?rest_route=%2Fwp%2Fv2%2Ftags&post=564"}],"curies":[{"name":"wp","href":"https:\/\/api.w.org\/{rel}","templated":true}]}}